{"id":6308,"date":"2024-03-03T22:13:23","date_gmt":"2024-03-03T21:13:23","guid":{"rendered":"https:\/\/adwjachimczyk.pl\/?p=6308"},"modified":"2024-03-03T22:13:24","modified_gmt":"2024-03-03T21:13:24","slug":"wygrana-umowa-raiffeisen-bank-polska-s-a-niewazna","status":"publish","type":"post","link":"https:\/\/adwjachimczyk.pl\/index.php\/2024\/03\/03\/wygrana-umowa-raiffeisen-bank-polska-s-a-niewazna\/","title":{"rendered":"Wygrana! Umowa Raiffeisen Bank Polska S.A. niewa\u017cna"},"content":{"rendered":"\n<p>Przedmiotem rozpoznania S\u0105d\u00f3w w przypadku Raiffeisen Bank Internationa AG s\u0105 umowy dawnego Polbanku. Tym razem badano jednak umow\u0119 kredytu denominowanego samego Raiffeisen Bank Polska S.A.<\/p>\n\n\n\n<p>Tak jak w przypadku innych kredyt\u00f3w denominowanych, przedmiotem  zarzut\u00f3w by\u0142o podwa\u017cenie zastosowanej przez Bank waloryzacji kredytu, odniesienie si\u0119 do w\u0142asnych tabeli kurs\u00f3w, a tak\u017ce niespe\u0142nienie obowi\u0105zku informacyjnego wzgl\u0119dem Kredytobiorc\u00f3w. <\/p>\n\n\n\n<p>W toku sprawy, wraz z pozwem z\u0142o\u017cono wniosek o zabezpieczenie roszczenia poprzez zawieszenie sp\u0142aty rat na czas post\u0119powania. Ju\u017c po miesi\u0105cu od z\u0142o\u017cenia pozwu Kredytobiorcy mogli zaprzesta\u0107 sp\u0142aty rat. Niew\u0105tpliwie dzi\u0119ki temu 2-letni okres oczekiwania na zako\u0144czenie sprawy by\u0142 dla naszych Klient\u00f3w mniej uci\u0105\u017cliwy. <\/p>\n\n\n\n<p>S\u0105d Okr\u0119gowy w Warszawie podzieli\u0142 zarzuty stawiane w pismach procesowych, kt\u00f3re r\u00f3wnie\u017c potwierdzi\u0142y si\u0119 po przeprowadzeniu post\u0119powania dowodowego i w dniu 27 lutego 2024 r. wyda\u0142 wyrok, w kt\u00f3rym ustali\u0142 niewa\u017cno\u015b\u0107 zawartej mi\u0119dzy stronami umowy oraz zas\u0105dzi\u0142 dochodzone pozwem kwoty. <\/p>\n\n\n\n<p>Przedmiotem dalszego post\u0119powania b\u0119dzie walka o dodatkowe odsetki dla Kredytobiorc\u00f3w, kt\u00f3re wbrew najnowszemu orzecznictwu TSUE zosta\u0142y zas\u0105dzone od dnia z\u0142o\u017cenia przez Powod\u00f3w o\u015bwiadczenia o \u015bwiadomo\u015bci skutk\u00f3w stwierdzenia niewa\u017cno\u015bci. <\/p>\n\n\n\n<p>W sprawie odby\u0142a si\u0119 jedna rozprawa, na kt\u00f3rej przes\u0142uchano Powod\u00f3w. S\u0105d nie by\u0142 zainteresowany mo\u017cliwo\u015bci\u0105 przes\u0142uchania \u015bwiadk\u00f3w powo\u0142anych przez Bank, a tak\u017ce prawid\u0142owo zrezygnowa\u0142 z uwzgl\u0119dnienia wniosku o dopuszczenie dowodu z opinii bieg\u0142ego.<\/p>\n\n\n\n<p>Mimo z\u0142o\u017cenia przez Pozwanego zarzutu zatrzymania, S\u0105d podzieli\u0142 stanowisko Powod\u00f3w i nie zdecydowa\u0142 si\u0119 na uzale\u017cnienie zap\u0142aty od uprzedniego zaofiarowania zwrotu wyp\u0142aconego kapita\u0142u.<\/p>\n\n\n\n<p>S\u0105d Okr\u0119gowy w Warszawie<\/p>\n\n\n\n<p>Sygn. akt: XXVIII C 16724\/21<\/p>\n\n\n\n<figure class=\"wp-block-image size-large\"><img decoding=\"async\" loading=\"lazy\" width=\"747\" height=\"1024\" src=\"https:\/\/adwjachimczyk.pl\/wp-content\/uploads\/2024\/03\/Zrzut-ekranu-2024-03-1-o-15.26.45-747x1024.png\" alt=\"\" class=\"wp-image-6309\" srcset=\"https:\/\/adwjachimczyk.pl\/wp-content\/uploads\/2024\/03\/Zrzut-ekranu-2024-03-1-o-15.26.45-747x1024.png 747w, https:\/\/adwjachimczyk.pl\/wp-content\/uploads\/2024\/03\/Zrzut-ekranu-2024-03-1-o-15.26.45-219x300.png 219w, https:\/\/adwjachimczyk.pl\/wp-content\/uploads\/2024\/03\/Zrzut-ekranu-2024-03-1-o-15.26.45.png 1028w, https:\/\/adwjachimczyk.pl\/wp-content\/uploads\/2024\/03\/Zrzut-ekranu-2024-03-1-o-15.26.45-219x300@2x.png 438w\" sizes=\"(max-width: 747px) 100vw, 747px\" \/><\/figure>\n","protected":false},"excerpt":{"rendered":"<p>Przedmiotem rozpoznania S\u0105d\u00f3w w przypadku Raiffeisen Bank Internationa AG s\u0105 umowy dawnego Polbanku. Tym razem badano jednak umow\u0119 kredytu denominowanego samego Raiffeisen Bank Polska S.A. Tak jak w przypadku innych kredyt\u00f3w denominowanych, przedmiotem zarzut\u00f3w by\u0142o podwa\u017cenie zastosowanej przez Bank waloryzacji kredytu, odniesienie si\u0119 do w\u0142asnych tabeli kurs\u00f3w, a tak\u017ce niespe\u0142nienie obowi\u0105zku informacyjnego wzgl\u0119dem Kredytobiorc\u00f3w. W [&hellip;]<\/p>\n","protected":false},"author":1,"featured_media":6310,"comment_status":"closed","ping_status":"open","sticky":false,"template":"","format":"standard","meta":{"om_disable_all_campaigns":false,"_mi_skip_tracking":false},"categories":[1],"tags":[],"aioseo_notices":[],"_links":{"self":[{"href":"https:\/\/adwjachimczyk.pl\/index.php\/wp-json\/wp\/v2\/posts\/6308"}],"collection":[{"href":"https:\/\/adwjachimczyk.pl\/index.php\/wp-json\/wp\/v2\/posts"}],"about":[{"href":"https:\/\/adwjachimczyk.pl\/index.php\/wp-json\/wp\/v2\/types\/post"}],"author":[{"embeddable":true,"href":"https:\/\/adwjachimczyk.pl\/index.php\/wp-json\/wp\/v2\/users\/1"}],"replies":[{"embeddable":true,"href":"https:\/\/adwjachimczyk.pl\/index.php\/wp-json\/wp\/v2\/comments?post=6308"}],"version-history":[{"count":2,"href":"https:\/\/adwjachimczyk.pl\/index.php\/wp-json\/wp\/v2\/posts\/6308\/revisions"}],"predecessor-version":[{"id":6312,"href":"https:\/\/adwjachimczyk.pl\/index.php\/wp-json\/wp\/v2\/posts\/6308\/revisions\/6312"}],"wp:featuredmedia":[{"embeddable":true,"href":"https:\/\/adwjachimczyk.pl\/index.php\/wp-json\/wp\/v2\/media\/6310"}],"wp:attachment":[{"href":"https:\/\/adwjachimczyk.pl\/index.php\/wp-json\/wp\/v2\/media?parent=6308"}],"wp:term":[{"taxonomy":"category","embeddable":true,"href":"https:\/\/adwjachimczyk.pl\/index.php\/wp-json\/wp\/v2\/categories?post=6308"},{"taxonomy":"post_tag","embeddable":true,"href":"https:\/\/adwjachimczyk.pl\/index.php\/wp-json\/wp\/v2\/tags?post=6308"}],"curies":[{"name":"wp","href":"https:\/\/api.w.org\/{rel}","templated":true}]}}