{"id":1,"date":"2017-10-25T16:42:23","date_gmt":"2017-10-25T14:42:23","guid":{"rendered":"http:\/\/adwjachimczyk.pl\/?p=1"},"modified":"2018-01-06T21:18:06","modified_gmt":"2018-01-06T20:18:06","slug":"bonjour-tout-le-monde","status":"publish","type":"post","link":"https:\/\/adwjachimczyk.pl\/index.php\/2017\/10\/25\/bonjour-tout-le-monde\/","title":{"rendered":"Pokr\u00f3tce o nak\u0142adach"},"content":{"rendered":"<p style=\"text-align: justify;\">Pytanie, kt\u00f3re wielokrotnie s\u0142ysza\u0142em od Klient\u00f3w zamierzaj\u0105cych si\u0119 rozwie\u015b\u0107.<\/p>\n<p style=\"text-align: justify;\">W przypadku gdy jedno z ma\u0142\u017conk\u00f3w poczyni z maj\u0105tku wsp\u00f3lnego nak\u0142ady na sw\u00f3j maj\u0105tek osobisty, w momencie podzia\u0142u maj\u0105tku b\u0119dzie musia\u0142o taki wydatek zwr\u00f3ci\u0107. Nie ma przy tym znaczenia czy sta\u0142o si\u0119 za zgod\u0105 czy bez drugiego ma\u0142\u017conka.<\/p>\n<p style=\"text-align: justify;\"><!--more--><\/p>\n<p style=\"text-align: justify;\">Kolejne pytanie, kt\u00f3re cz\u0119sto s\u0142ysz\u0119 od takich os\u00f3b dotyczy nak\u0142ad\u00f3w z maj\u0105tku osobistego na maj\u0105tek wsp\u00f3lny.<\/p>\n<div class=\"text_exposed_show\">\n<p style=\"text-align: justify;\">Sytuacja jest analogiczna do powy\u017cszej. Ka\u017cdy ze wsp\u00f3\u0142ma\u0142\u017conk\u00f3w mo\u017ce \u017c\u0105da\u0107 zwrotu wydatk\u00f3w i nak\u0142ad\u00f3w, kt\u00f3re poczyni\u0142 ze swojego maj\u0105tku osobistego na poczet maj\u0105tku wsp\u00f3lnego. Wyj\u0105tkiem w tej sytuacji s\u0105 wydatki i nak\u0142ady zu\u017cyte w celu zaspokojenia potrzeb rodziny, chyba \u017ce zwi\u0119kszy\u0142y warto\u015b\u0107 maj\u0105tku w chwili ustania wsp\u00f3lno\u015bci.<\/p>\n<p style=\"text-align: justify;\">Tylko co to tak naprawd\u0119 jest maj\u0105tkiem osobistym a co wsp\u00f3lnym.<\/p>\n<p style=\"text-align: justify;\">Z chwil\u0105 zawarcia ma\u0142\u017ce\u0144stwa powstaje z mocy ustawy wsp\u00f3lno\u015b\u0107 maj\u0105tkowa (wyj\u0105tek: umowa o rozdzielno\u015bci), kt\u00f3ra obejmuje przedmioty maj\u0105tkowe nabyte w czasie trwania tej\u017ce wsp\u00f3lno\u015bci.<\/p>\n<p style=\"text-align: justify;\">Przedmioty nabyte przez ka\u017cdego z ma\u0142\u017conk\u00f3w w czasie trwania wsp\u00f3lno\u015bci w zamian za stanowi\u0105ce ich maj\u0105tek osobisty przedmioty maj\u0105tkowe nabyte przed powstaniem wsp\u00f3lno\u015bci maj\u0105tkowej \u2013 nie wejd\u0105 do maj\u0105tku wsp\u00f3lnego, ale ju\u017c dochody z maj\u0105tku osobistego jak najbardziej tak.<\/p>\n<p style=\"text-align: justify;\">Co do zasady wszystko to co nie jest maj\u0105tkiem osobistym jest maj\u0105tkiem wsp\u00f3lnym. W szczeg\u00f3lno\u015bci do maj\u0105tku osobistego nale\u017cy wszelkie mienie, kt\u00f3re ma\u0142\u017conek naby\u0142 przed powstaniem wsp\u00f3lno\u015bci maj\u0105tkowej.<\/p>\n<p style=\"text-align: justify;\">Tak\u017ce przedmioty maj\u0105tkowe nabyte w trakcie trwania wsp\u00f3lno\u015bci maj\u0105tkowej mog\u0105 stanowi\u0107 maj\u0105tek osobisty, s\u0105 nim:<br \/>\n1. Maj\u0105tek nabyty przez dziedziczenie, zapis lub darowizn\u0119, chyba \u017ce spadkodawca lub darczy\u0144ca inaczej postanowi\u0142. (ta zasada nie dotyczy przedmiot\u00f3w, kt\u00f3re s\u0142u\u017c\u0105 do prowadzenie gospodarstwa domowego i nie zosta\u0142y wyra\u017anie zastrze\u017cone przez spadkodawc\u0119 lub darczy\u0144c\u0119 dla jednego ma\u0142\u017conka);<br \/>\n2. Prawa maj\u0105tkowe wynikaj\u0105ce ze wsp\u00f3lno\u015bci \u0142\u0105cznej podlegaj\u0105cej odr\u0119bnym przepisom, np. wk\u0142ady maj\u0105tkowe wniesione przez ma\u0142\u017conka do sp\u00f3\u0142ki cywilnej, kt\u00f3rej jest wsp\u00f3lnikiem;<br \/>\n3. Przedmioty s\u0142u\u017c\u0105ce wy\u0142\u0105cznie do zaspokajania osobistych potrzeb jednego z ma\u0142\u017conk\u00f3w, np. jego odzie\u017c, bi\u017cuteria, przedmioty zwi\u0105zane z jego hobby.<br \/>\n4. Prawa niezbywalne, kt\u00f3re mog\u0105 przys\u0142ugiwa\u0107 tylko jednej osobie, np. prawo do\u017cywocia lub u\u017cytkowania, sp\u00f3\u0142dzielcze lokatorskie prawo do mieszkania;<br \/>\n5. Przedmioty uzyskane z tytu\u0142u odszkodowania za uszkodzenie cia\u0142a lub wywo\u0142anie rozstroju zdrowia albo z tytu\u0142u zado\u015b\u0107uczynienia za doznan\u0105 krzywd\u0119; nie dotyczy to jednak renty nale\u017cnej poszkodowanemu ma\u0142\u017conkowi z powodu ca\u0142kowitej lub cz\u0119\u015bciowej utraty zdolno\u015bci do pracy zarobkowej albo z powodu zwi\u0119kszenia si\u0119 jego potrzeb lub zmniejszenia widok\u00f3w powodzenia na przysz\u0142o\u015b\u0107,<br \/>\n6. Nagrody za osobiste osi\u0105gni\u0119cia;<br \/>\n7. Prawa autorskie i prawa pokrewne, prawa w\u0142asno\u015bci przemys\u0142owej oraz inne prawa tw\u00f3rcy,<\/p>\n<\/div>\n","protected":false},"excerpt":{"rendered":"<p>Pytanie, kt\u00f3re wielokrotnie s\u0142ysza\u0142em od Klient\u00f3w zamierzaj\u0105cych si\u0119 rozwie\u015b\u0107.<\/p>\n<p>W przypadku gdy jedno z ma\u0142\u017conk\u00f3w poczyni z maj\u0105tku wsp\u00f3lnego nak\u0142ady na sw\u00f3j maj\u0105tek osobisty, w momencie podzia\u0142u maj\u0105tku b\u0119dzie musia\u0142o taki wydatek zwr\u00f3ci\u0107. Nie ma przy tym znaczenia czy sta\u0142o si\u0119 za zgod\u0105 czy bez drugiego ma\u0142\u017conka.<\/p>\n","protected":false},"author":1,"featured_media":0,"comment_status":"open","ping_status":"open","sticky":false,"template":"","format":"standard","meta":{"om_disable_all_campaigns":false,"_mi_skip_tracking":false},"categories":[1],"tags":[5,4,6,7,3],"aioseo_notices":[],"_links":{"self":[{"href":"https:\/\/adwjachimczyk.pl\/index.php\/wp-json\/wp\/v2\/posts\/1"}],"collection":[{"href":"https:\/\/adwjachimczyk.pl\/index.php\/wp-json\/wp\/v2\/posts"}],"about":[{"href":"https:\/\/adwjachimczyk.pl\/index.php\/wp-json\/wp\/v2\/types\/post"}],"author":[{"embeddable":true,"href":"https:\/\/adwjachimczyk.pl\/index.php\/wp-json\/wp\/v2\/users\/1"}],"replies":[{"embeddable":true,"href":"https:\/\/adwjachimczyk.pl\/index.php\/wp-json\/wp\/v2\/comments?post=1"}],"version-history":[{"count":8,"href":"https:\/\/adwjachimczyk.pl\/index.php\/wp-json\/wp\/v2\/posts\/1\/revisions"}],"predecessor-version":[{"id":76,"href":"https:\/\/adwjachimczyk.pl\/index.php\/wp-json\/wp\/v2\/posts\/1\/revisions\/76"}],"wp:attachment":[{"href":"https:\/\/adwjachimczyk.pl\/index.php\/wp-json\/wp\/v2\/media?parent=1"}],"wp:term":[{"taxonomy":"category","embeddable":true,"href":"https:\/\/adwjachimczyk.pl\/index.php\/wp-json\/wp\/v2\/categories?post=1"},{"taxonomy":"post_tag","embeddable":true,"href":"https:\/\/adwjachimczyk.pl\/index.php\/wp-json\/wp\/v2\/tags?post=1"}],"curies":[{"name":"wp","href":"https:\/\/api.w.org\/{rel}","templated":true}]}}